{"id":6093,"date":"2026-09-02T14:11:32","date_gmt":"2026-09-02T17:11:32","guid":{"rendered":"https:\/\/ppgf.uern.br\/?p=6093"},"modified":"2026-09-02T14:15:52","modified_gmt":"2026-09-02T17:15:52","slug":"selecao-interna-de-candidatos-ao-programa-institucional-de-doutorado-sanduiche-no-exterior-capes-global","status":"publish","type":"post","link":"https:\/\/ppgf.uern.br\/?p=6093","title":{"rendered":"SELE\u00c7\u00c3O INTERNA DE CANDIDATOS AO PROGRAMA INSTITUCIONAL DE DOUTORADO SANDU\u00cdCHE NO EXTERIOR CAPES GLOBAL"},"content":{"rendered":"\t\t<div data-elementor-type=\"wp-post\" data-elementor-id=\"6093\" class=\"elementor elementor-6093\" data-elementor-post-type=\"post\">\n\t\t\t\t\t\t<section class=\"elementor-section elementor-top-section elementor-element elementor-element-a899eed elementor-section-boxed elementor-section-height-default elementor-section-height-default\" data-id=\"a899eed\" data-element_type=\"section\" data-e-type=\"section\">\n\t\t\t\t\t\t<div class=\"elementor-container elementor-column-gap-default\">\n\t\t\t\t\t<div class=\"elementor-column elementor-col-100 elementor-top-column elementor-element elementor-element-d2a8b0b\" data-id=\"d2a8b0b\" data-element_type=\"column\" data-e-type=\"column\">\n\t\t\t<div class=\"elementor-widget-wrap elementor-element-populated\">\n\t\t\t\t\t\t<div class=\"elementor-element elementor-element-2869464 elementor-widget elementor-widget-text-editor\" data-id=\"2869464\" data-element_type=\"widget\" data-e-type=\"widget\" data-widget_type=\"text-editor.default\">\n\t\t\t\t<div class=\"elementor-widget-container\">\n\t\t\t\t\t\t\t\t\t<p><span style=\"font-weight: 400;\">A Coordena\u00e7\u00e3o do Programa de P\u00f3s-Gradua\u00e7\u00e3o em F\u00edsica (PPGF) da Universidade do Estado do Rio Grande do Norte (UERN), torna p\u00fablico o presente Edital para sele\u00e7\u00e3o interna de candidaturas para o Programa de Doutorado Sandu\u00edche no Exterior CAPES GLOBAL da Coordena\u00e7\u00e3o de Aperfei\u00e7oamento de Pessoal de N\u00edvel Superior (CAPES), conforme Edital n.\u00ba 04\/2026<\/span><\/p><p><span style=\"font-weight: 400;\">O Programa Redes para Internacionaliza\u00e7\u00e3o Institucional \u2013 CAPES-Global.Edu \u00e9 uma iniciativa da CAPES que tem como finalidade fomentar a cria\u00e7\u00e3o de redes de coopera\u00e7\u00e3o entre institui\u00e7\u00f5es nacionais com est\u00e1gios de internacionaliza\u00e7\u00e3o diversos para promover, por meio da coopera\u00e7\u00e3o internacional, o desenvolvimento de atividades estrat\u00e9gicas de pesquisa e p\u00f3s-gradua\u00e7\u00e3o dos participantes, contribuindo para o fortalecimento do protagonismo internacional do Brasil e na consolida\u00e7\u00e3o de sua posi\u00e7\u00e3o como parceiro estrat\u00e9gico em iniciativas globais, al\u00e9m de promover a coopera\u00e7\u00e3o m\u00fatua, o di\u00e1logo intercultural e o desenvolvimento sustent\u00e1vel;<\/span><\/p><p><span style=\"font-weight: 400;\">A Rede Global de Pesquisa para Coopera\u00e7\u00e3o e Desenvolvimento (UnB), doravante RGPCD-UnB, \u00e9 formada por seis Institui\u00e7\u00f5es de Ensino Superior (IES), localizadas nas cinco regi\u00f5es geogr\u00e1ficas brasileiras. Na proposta aprovada pela CAPES, a Universidade de Bras\u00edlia (DF) atua como coordenadora e as demais universidades \u2013 Unesp (SP), UNIR (RO), UERN (RN), UEPA (PA) e UFSM (RS) \u2013 como associadas.<\/span><\/p><p><span style=\"font-weight: 400;\">O objetivo deste edital \u00e9 regulamentar a sele\u00e7\u00e3o de candidatos(as) a bolsas de mobilidade internacional da RGPCD-UnB e de seus Programas de P\u00f3s-gradua\u00e7\u00e3o participantes de proposta contemplada no Programa Redes para Internacionaliza\u00e7\u00e3o Institucional \u2013 CAPES-Global.Edu (Edital CAPES no 13\/2025), em conson\u00e2ncia com a necessidade de promover experi\u00eancias internacionais para discentes de p\u00f3s-gradua\u00e7\u00e3o, bem como estimular a coopera\u00e7\u00e3o no ensino, na pesquisa, extens\u00e3o e inova\u00e7\u00e3o nos cen\u00e1rios nacional e internacional.<\/span><\/p><p><span style=\"font-weight: 400;\">A modalidade Doutorado Sandu\u00edche tem, por finalidade, oferecer bolsa para o desenvolvimento de pesquisa em Institui\u00e7\u00e3o de Educa\u00e7\u00e3o Superior estrangeira, por p\u00f3s-graduandos regularmente\u00a0 matriculados(as) em curso de Doutorado no Brasil, em que o\/a p\u00f3s-graduandos ap\u00f3s o per\u00edodo de\u00a0 estudos no exterior, dentro do prazo regulamentar estabelecido pela Capes, retorna ao Brasil para conclus\u00e3o e defesa da sua tese.<\/span><\/p><p class=\"wp-block-paragraph\"><strong>Resultado Final da sele\u00e7\u00e3o<\/strong><\/p><p class=\"wp-block-paragraph\"><strong>Resultado parcial da sele\u00e7\u00e3o<\/strong><\/p><p class=\"wp-block-paragraph\"><strong>Homologa\u00e7\u00e3o das Inscri\u00e7\u00f5es<\/strong><\/p><p><a href=\"https:\/\/drive.google.com\/file\/d\/150VcOjRJlI8mE4tMd180hQB95xhcKJJn\/view?usp=sharing\"><strong>EDITAL N\u00ba 04\/2026<\/strong><\/a><\/p><p><strong>\u00a0<\/strong><\/p>\t\t\t\t\t\t\t\t<\/div>\n\t\t\t\t<\/div>\n\t\t\t\t\t<\/div>\n\t\t<\/div>\n\t\t\t\t\t<\/div>\n\t\t<\/section>\n\t\t\t\t<\/div>\n\t\t","protected":false},"excerpt":{"rendered":"<p>A Coordena\u00e7\u00e3o do Programa de P\u00f3s-Gradua\u00e7\u00e3o em F\u00edsica (PPGF) da Universidade do Estado do Rio Grande do Norte (UERN), torna p\u00fablico o presente Edital para sele\u00e7\u00e3o interna de candidaturas para o Programa de Doutorado Sandu\u00edche no Exterior CAPES GLOBAL da Coordena\u00e7\u00e3o de Aperfei\u00e7oamento de Pessoal de N\u00edvel Superior (CAPES), conforme Edital n.\u00ba 04\/2026 O Programa [&hellip;]<\/p>\n","protected":false},"author":4,"featured_media":0,"comment_status":"open","ping_status":"open","sticky":false,"template":"","format":"standard","meta":{"footnotes":""},"categories":[1],"tags":[],"class_list":["post-6093","post","type-post","status-publish","format-standard","hentry","category-selecoes"],"_links":{"self":[{"href":"https:\/\/ppgf.uern.br\/index.php?rest_route=\/wp\/v2\/posts\/6093","targetHints":{"allow":["GET"]}}],"collection":[{"href":"https:\/\/ppgf.uern.br\/index.php?rest_route=\/wp\/v2\/posts"}],"about":[{"href":"https:\/\/ppgf.uern.br\/index.php?rest_route=\/wp\/v2\/types\/post"}],"author":[{"embeddable":true,"href":"https:\/\/ppgf.uern.br\/index.php?rest_route=\/wp\/v2\/users\/4"}],"replies":[{"embeddable":true,"href":"https:\/\/ppgf.uern.br\/index.php?rest_route=%2Fwp%2Fv2%2Fcomments&post=6093"}],"version-history":[{"count":4,"href":"https:\/\/ppgf.uern.br\/index.php?rest_route=\/wp\/v2\/posts\/6093\/revisions"}],"predecessor-version":[{"id":6172,"href":"https:\/\/ppgf.uern.br\/index.php?rest_route=\/wp\/v2\/posts\/6093\/revisions\/6172"}],"wp:attachment":[{"href":"https:\/\/ppgf.uern.br\/index.php?rest_route=%2Fwp%2Fv2%2Fmedia&parent=6093"}],"wp:term":[{"taxonomy":"category","embeddable":true,"href":"https:\/\/ppgf.uern.br\/index.php?rest_route=%2Fwp%2Fv2%2Fcategories&post=6093"},{"taxonomy":"post_tag","embeddable":true,"href":"https:\/\/ppgf.uern.br\/index.php?rest_route=%2Fwp%2Fv2%2Ftags&post=6093"}],"curies":[{"name":"wp","href":"https:\/\/api.w.org\/{rel}","templated":true}]}}