{"id":5909,"date":"2026-04-28T12:09:53","date_gmt":"2026-04-28T15:09:53","guid":{"rendered":"https:\/\/ppgf.uern.br\/?p=5909"},"modified":"2026-04-28T12:09:53","modified_gmt":"2026-04-28T15:09:53","slug":"defesa-publica-de-dissertacao-20","status":"publish","type":"post","link":"https:\/\/ppgf.uern.br\/?p=5909","title":{"rendered":"DEFESA P\u00daBLICA DE DISSERTA\u00c7\u00c3O"},"content":{"rendered":"\n<p>O Programa de P\u00f3s-Gradua\u00e7\u00e3o em F\u00edsica (PPGF) da Universidade do Estado do Rio Grande do Norte (UERN) tem a satisfa\u00e7\u00e3o de convid\u00e1-los(as) a assistirem defesa\u00a0da disserta\u00e7\u00e3o de Mestrado em F\u00edsica a ser defendida pelo <strong>Vinicius de Oliveira Souza.<\/strong><\/p>\n\n\n\n<p><strong>T\u00cdTULO:<\/strong>&nbsp;<em>\u201cNanocomp\u00f3sitos Magn\u00e9ticos de BaFe<sub>12<\/sub>O<sub>19<\/sub>\/CoFe<sub>2<\/sub>O<sub>4<\/sub>\/Fe-Co: Rota de S\u00edntese e Investiga\u00e7\u00e3o das Propriedades Estruturais e Magn\u00e9ticas\u201d<\/em><\/p>\n\n\n\n<p><strong>Autor\/discente:&nbsp;<\/strong>Vinicius de Oliveira Souza<strong><\/strong><\/p>\n\n\n\n<p>LOCAL:&nbsp;<strong><u>SALA DE SEMIN\u00c1RIOS DA FANAT NO CAMPUS CENTRAL DA UERN.<\/u><\/strong><\/p>\n\n\n\n<p><strong>DIA:<\/strong>&nbsp;29\/04\/2026<\/p>\n\n\n\n<p><strong>HORA:&nbsp;<\/strong>15h<\/p>\n\n\n\n<p><strong>RESUMO:<\/strong><\/p>\n\n\n\n<p>Materiais com alta densidade de energia magn\u00e9tica s\u00e3o fundamentais no avan\u00e7o de equipamentos magn\u00e9ticos, uma vez que possibilita a miniaturiza\u00e7\u00e3o dos componentes, como sensores de alta sensibilidade e dispositivos de armazenamento de dados. Para superar os limites te\u00f3ricos dos materiais convencionais, o desenvolvimento de nanocomp\u00f3sitos que exploram a jun\u00e7\u00e3o de uma fase magneticamente dura (hard) e mole (soft) tem se mostrado promissor. Este trabalho apresenta o desenvolvimento de um nanocomp\u00f3sito magn\u00e9tico constitu\u00eddo pelas fases hexaferrita de b\u00e1rio, ferrita de cobalto e a liga met\u00e1lica ferro-cobalto. A s\u00edntese das fases de \u00f3xido foram realizadas usando os m\u00e9todos qu\u00edmicos de Rea\u00e7\u00e3o por Coordena\u00e7\u00e3o I\u00f4nica (RCI) e Coprecipita\u00e7\u00e3o Adaptada, visando o controle da estequiometria e da morfologia das nanopart\u00edculas. Foi investigado o efeito de diferentes par\u00e2metros de calcina\u00e7\u00e3o na estabilidade das fases e na resposta magn\u00e9tica dos sistemas. A fase met\u00e1lica de Fe-Co foi obtida por meio do processo de redu\u00e7\u00e3o t\u00e9rmica da ferrita de cobalto sob fluxo controlado de hidrog\u00eanio (H2), promovendo a transi\u00e7\u00e3o dos \u00edons met\u00e1licos para o estado de val\u00eancia zero. A caracteriza\u00e7\u00e3o estrutural, realizada via difra\u00e7\u00e3o de raios-X (DRX), confirmou a coexist\u00eancia das 3 fases no nanocomp\u00f3sito e permitiu a an\u00e1lise da estrutura cristalina das amostras. As propriedades magn\u00e9ticas foram analisadas via magnetometria de amostra vibrante (VSM), onde observou-se a influ\u00eancia das fases magneticamente duras (hexaferrita) e moles (liga Fe-Co) no ciclo de histerese. Os resultados mostram que o m\u00e9todo de s\u00edntese e as condi\u00e7\u00f5es de tratamento t\u00e9rmico modulam diretamente a resposta magn\u00e9tica e as caracter\u00edsticas estruturais do produto final, possibilitando o ajuste das propriedades do nanocomp\u00f3sito para aplica\u00e7\u00f5es tecnol\u00f3gicas em dispositivos magn\u00e9ticos.<\/p>\n\n\n\n<p><strong>PALAVRAS-CHAVE:<\/strong>&nbsp;<\/p>\n\n\n\n<p>Nanocomp\u00f3sitos magn\u00e9ticos, hexaferrita de b\u00e1rio, ferrita de cobalto, liga ferro-cobalto, propriedades magn\u00e9ticas.<\/p>\n\n\n\n<p>&nbsp;<strong>BANCA EXAMINADORA:<\/strong><\/p>\n\n\n\n<p><strong>Avaliador 1<\/strong>&nbsp;(Presidente da banca e orientador):<\/p>\n\n\n\n<p>Nome: Jo\u00e3o Maria Soares &#8211; UERN<\/p>\n\n\n\n<p><strong>Avaliador 2<\/strong>&nbsp;(Examinador interno):<\/p>\n\n\n\n<p>Nome: Vamberto Dias de Mello \u2013 UERN<\/p>\n\n\n\n<p><strong>Avaliador 3<\/strong>&nbsp;(Examinador externo):<\/p>\n\n\n\n<p>Nome: Rai Figueredo Juc\u00e1 \u2013 UFC<\/p>\n","protected":false},"excerpt":{"rendered":"<p>O Programa de P\u00f3s-Gradua\u00e7\u00e3o em F\u00edsica (PPGF) da Universidade do Estado do Rio Grande do Norte (UERN) tem a satisfa\u00e7\u00e3o de convid\u00e1-los(as) a assistirem defesa\u00a0da disserta\u00e7\u00e3o de Mestrado em F\u00edsica a ser defendida pelo Vinicius de Oliveira Souza. T\u00cdTULO:&nbsp;\u201cNanocomp\u00f3sitos Magn\u00e9ticos de BaFe12O19\/CoFe2O4\/Fe-Co: Rota de S\u00edntese e Investiga\u00e7\u00e3o das Propriedades Estruturais e Magn\u00e9ticas\u201d Autor\/discente:&nbsp;Vinicius de Oliveira [&hellip;]<\/p>\n","protected":false},"author":4,"featured_media":0,"comment_status":"open","ping_status":"open","sticky":false,"template":"","format":"standard","meta":{"footnotes":""},"categories":[1],"tags":[],"table_tags":[],"class_list":["post-5909","post","type-post","status-publish","format-standard","hentry","category-selecoes"],"_links":{"self":[{"href":"https:\/\/ppgf.uern.br\/index.php?rest_route=\/wp\/v2\/posts\/5909","targetHints":{"allow":["GET"]}}],"collection":[{"href":"https:\/\/ppgf.uern.br\/index.php?rest_route=\/wp\/v2\/posts"}],"about":[{"href":"https:\/\/ppgf.uern.br\/index.php?rest_route=\/wp\/v2\/types\/post"}],"author":[{"embeddable":true,"href":"https:\/\/ppgf.uern.br\/index.php?rest_route=\/wp\/v2\/users\/4"}],"replies":[{"embeddable":true,"href":"https:\/\/ppgf.uern.br\/index.php?rest_route=%2Fwp%2Fv2%2Fcomments&post=5909"}],"version-history":[{"count":1,"href":"https:\/\/ppgf.uern.br\/index.php?rest_route=\/wp\/v2\/posts\/5909\/revisions"}],"predecessor-version":[{"id":5910,"href":"https:\/\/ppgf.uern.br\/index.php?rest_route=\/wp\/v2\/posts\/5909\/revisions\/5910"}],"wp:attachment":[{"href":"https:\/\/ppgf.uern.br\/index.php?rest_route=%2Fwp%2Fv2%2Fmedia&parent=5909"}],"wp:term":[{"taxonomy":"category","embeddable":true,"href":"https:\/\/ppgf.uern.br\/index.php?rest_route=%2Fwp%2Fv2%2Fcategories&post=5909"},{"taxonomy":"post_tag","embeddable":true,"href":"https:\/\/ppgf.uern.br\/index.php?rest_route=%2Fwp%2Fv2%2Ftags&post=5909"},{"taxonomy":"table_tags","embeddable":true,"href":"https:\/\/ppgf.uern.br\/index.php?rest_route=%2Fwp%2Fv2%2Ftable_tags&post=5909"}],"curies":[{"name":"wp","href":"https:\/\/api.w.org\/{rel}","templated":true}]}}