{"id":4737,"date":"2023-12-04T08:42:34","date_gmt":"2023-12-04T11:42:34","guid":{"rendered":"https:\/\/ppgf.uern.br\/?p=4737"},"modified":"2023-12-04T08:50:04","modified_gmt":"2023-12-04T11:50:04","slug":"participe-do-iv-minicurso-de-cosmologia-da-uern","status":"publish","type":"post","link":"https:\/\/ppgf.uern.br\/?p=4737","title":{"rendered":"PARTICIPE DO IV MINICURSO DE COSMOLOGIA DA UERN"},"content":{"rendered":"\n<p>O Programa de P\u00f3s-gradua\u00e7\u00e3o em F\u00edsica da Universidade do Estado do Rio Grande do Norte (PPGF\/UERN) promover\u00e1 o IV Minicursos de Cosmologia da UERN. O evento ser\u00e1 realizado de forma online no per\u00edodo de 13 a 15 de dezembro de 2023, das 18h \u00e0s 21h40. As inscri\u00e7\u00f5es poder\u00e3o ser feitas de 1 a 12 de dezembro (<a href=\"https:\/\/docs.google.com\/forms\/d\/e\/1FAIpQLSc-QBkHSNqdaXDcCyUXz88tHdvtHxVkDDcsozVYzvwT61aM3Q\/viewform\" data-type=\"link\" data-id=\"https:\/\/docs.google.com\/forms\/d\/e\/1FAIpQLSc-QBkHSNqdaXDcCyUXz88tHdvtHxVkDDcsozVYzvwT61aM3Q\/viewform\">link para inscri\u00e7\u00f5es<\/a>). <\/p>\n\n\n\n<p>Os minicursos ser\u00e3o direcionados a discentes da gradua\u00e7\u00e3o e p\u00f3s-gradua\u00e7\u00e3o com interesse em revisar a Cosmologia B\u00e1sica ou conhecimento novos conceitos de Cosmologia. Ser\u00e3o abordados os temas \u201cCosmologia Primordial\u201d e \u201cO mar de ondas gravitacionais: descobertas recentes e impactos na cosmologia\u201d. As aulas ser\u00e3o ministradas pelo Prof. Dr. Felipe Bruno Medeiros dos Santos (ON \u2014 RJ) e Prof. Dr. Alexander Bonilla (ON \u2014 RJ). <\/p>\n\n\n\n<p>A palestra de abertura ser\u00e1 apresentada pelo Prof. Dr. Rodrigo Fernandes Lira de Holanda (UFRN \u2014 RN) e ter\u00e1 como tema \u201cCosmologia observacional e testes da f\u00edsica padr\u00e3o\u201d. O tema da palestra de encerramento ser\u00e1 \u201cAlternativas para a abordagem do problema das tens\u00f5es cosmol\u00f3gicas\u201d, tendo como apresentadora a Profa. Dra. Leila Lobato Graef (UFF \u2014 RJ).<\/p>\n\n\n\n<p><a href=\"https:\/\/docs.google.com\/forms\/d\/e\/1FAIpQLSc-QBkHSNqdaXDcCyUXz88tHdvtHxVkDDcsozVYzvwT61aM3Q\/viewform\">INSCRI\u00c7\u00d5ES<\/a><\/p>\n\n\n\n<p><a href=\"https:\/\/drive.google.com\/file\/d\/1X1uofH2N7mM_tdQohPh3pw_Quy52lESP\/view?usp=sharing\">PROGRAMA\u00c7\u00c3O<\/a><\/p>\n\n\n\n<p><a href=\"https:\/\/drive.google.com\/file\/d\/1xbUG332Uv3VhyZhZDZF1rYaHg23Zcffm\/view?usp=sharing\">CARTAZ DO EVENTO<\/a> <\/p>\n\n\n\n<p><\/p>\n\n\n\n<p><\/p>\n","protected":false},"excerpt":{"rendered":"<p>O Programa de P\u00f3s-gradua\u00e7\u00e3o em F\u00edsica da Universidade do Estado do Rio Grande do Norte (PPGF\/UERN) promover\u00e1 o IV Minicursos de Cosmologia da UERN. O evento ser\u00e1 realizado de forma online no per\u00edodo de 13 a 15 de dezembro de 2023, das 18h \u00e0s 21h40. As inscri\u00e7\u00f5es poder\u00e3o ser feitas de 1 a 12 de [&hellip;]<\/p>\n","protected":false},"author":4,"featured_media":0,"comment_status":"open","ping_status":"open","sticky":false,"template":"","format":"standard","meta":{"footnotes":""},"categories":[7],"tags":[],"table_tags":[],"class_list":["post-4737","post","type-post","status-publish","format-standard","hentry","category-eventos"],"_links":{"self":[{"href":"https:\/\/ppgf.uern.br\/index.php?rest_route=\/wp\/v2\/posts\/4737","targetHints":{"allow":["GET"]}}],"collection":[{"href":"https:\/\/ppgf.uern.br\/index.php?rest_route=\/wp\/v2\/posts"}],"about":[{"href":"https:\/\/ppgf.uern.br\/index.php?rest_route=\/wp\/v2\/types\/post"}],"author":[{"embeddable":true,"href":"https:\/\/ppgf.uern.br\/index.php?rest_route=\/wp\/v2\/users\/4"}],"replies":[{"embeddable":true,"href":"https:\/\/ppgf.uern.br\/index.php?rest_route=%2Fwp%2Fv2%2Fcomments&post=4737"}],"version-history":[{"count":4,"href":"https:\/\/ppgf.uern.br\/index.php?rest_route=\/wp\/v2\/posts\/4737\/revisions"}],"predecessor-version":[{"id":4741,"href":"https:\/\/ppgf.uern.br\/index.php?rest_route=\/wp\/v2\/posts\/4737\/revisions\/4741"}],"wp:attachment":[{"href":"https:\/\/ppgf.uern.br\/index.php?rest_route=%2Fwp%2Fv2%2Fmedia&parent=4737"}],"wp:term":[{"taxonomy":"category","embeddable":true,"href":"https:\/\/ppgf.uern.br\/index.php?rest_route=%2Fwp%2Fv2%2Fcategories&post=4737"},{"taxonomy":"post_tag","embeddable":true,"href":"https:\/\/ppgf.uern.br\/index.php?rest_route=%2Fwp%2Fv2%2Ftags&post=4737"},{"taxonomy":"table_tags","embeddable":true,"href":"https:\/\/ppgf.uern.br\/index.php?rest_route=%2Fwp%2Fv2%2Ftable_tags&post=4737"}],"curies":[{"name":"wp","href":"https:\/\/api.w.org\/{rel}","templated":true}]}}