{"id":4718,"date":"2023-10-25T08:45:07","date_gmt":"2023-10-25T11:45:07","guid":{"rendered":"https:\/\/ppgf.uern.br\/?p=4718"},"modified":"2023-10-25T09:05:17","modified_gmt":"2023-10-25T12:05:17","slug":"defesa-publica-de-dissertacao-5","status":"publish","type":"post","link":"https:\/\/ppgf.uern.br\/?p=4718","title":{"rendered":"DEFESA P\u00daBLICA DE DISSERTA\u00c7\u00c3O"},"content":{"rendered":"\n<p>O PPGF\/UERN convida a comunidade acad\u00eamica e p\u00fablico para assistirem \u00e0 defesa de disserta\u00e7\u00e3o de Adlan da Silva Freitas.<\/p>\n\n\n\n<p><strong>T\u00cdTULO: <\/strong>Efeito magnetocal\u00f3rico em aglomerados de nanopart\u00edculas ferromagn\u00e9ticas.<br><strong>LINK DA SALA:<\/strong> meet.google.com\/oev-axcu-ctx<br><strong>DIA: 26\/10\/2023<\/strong><br><strong>HORA:<\/strong> 14h00<\/p>\n\n\n\n<p><strong>RESUMO:<\/strong> O efeito magnetocal\u00f3rico (EMC) desperta interesse em diversas \u00e1reas de pesquisa, como biotecnologia, medicina, engenharia dos materiais, por seu potencial tecnol\u00f3gico inovador. Quando um material magn\u00e9tico \u00e9 submetido a um campo magn\u00e9tico externo, ele experimenta uma mudan\u00e7a em sua entropia. Ademais, quando o campo magn\u00e9tico externo \u00e9 retirado adiabaticamente, o material magn\u00e9tico sofre uma redu\u00e7\u00e3o de temperatura, esse fen\u00f4meno \u00e9 o referido efeito magnetocal\u00f3rico. A principal aplica\u00e7\u00e3o do EMC \u00e9 refrigera\u00e7\u00e3o magn\u00e9tica, em escala macrosc\u00f3pica. Acredita-se atualmente que o EMC poder\u00e1 ser usado tamb\u00e9m em escala nanosc\u00f3pica. O uso de EMC no desenvolvimento de sistemas de refrigera\u00e7\u00e3o magn\u00e9tica, poder\u00e1 ter impacto altamente positivo na seguran\u00e7a ambiental porque poder\u00e1 propiciar uma poss\u00edvel substitui\u00e7\u00e3o dos sistemas de refrigera\u00e7\u00e3o usados atualmente, baseados em compress\u00e3o de gases, que causam grandes preju\u00edzos ambientais, porque causam danos na camada de oz\u00f4nio que protege a terra. Assim as pesquisas est\u00e3o concentradas fartamente na busca por novos materiais e que apresentem maior efici\u00eancia do EMC. Por outro lado, \u00e9 de fundamental import\u00e2ncia a compreens\u00e3o das intera\u00e7\u00f5es dos momentos magn\u00e9ticos entre si, com a temperatura e com campos externos, bem como o conhecimento e controle da ordem magn\u00e9tica de sistemas artificiais, com restri\u00e7\u00f5es geom\u00e9tricas, para o desenho de novas estruturas magn\u00e9ticas que possam vir a atender \u00e0 demanda atual. O objetivo deste trabalho \u00e9 estudar o impacto da intera\u00e7\u00e3o dipolar entre nanopart\u00edculas de Gd no efeito magnetocal\u00f3rico global de aglomerados de nanopart\u00edculas ferromagn\u00e9ticas de gadol\u00ednio (Gd), mantidas com densidade uniforme em volumes com geometria elipsoidal. A anisotropia magn\u00e9tica de um aglomerado el\u00edptico de nanopart\u00edculas de Gd tem origem na intera\u00e7\u00e3o dipolar e, consequentemente, depende da geometria do aglomerado. Consideramos aglomerados el\u00edpticos microm\u00e9tricos com diversas excentricidades, com nanopart\u00edculas de di\u00e2metros de 30 nm e diferentes densidades de nanopart\u00edculas. Um campo magn\u00e9tico fixo e constante na dire\u00e7\u00e3o preferencial da anisotropia, eixo maior da elipse, em uma faixa de temperatura de 200 K a 450 K. Calculamos a varia\u00e7\u00e3o isot\u00e9rmica da entropia magn\u00e9tica $(\\Delta S_{M})$ com um campo magn\u00e9tico externo aplicado, onde foi observado o EMC normal e o efeito magnetocal\u00f3rico inverso (EMCI), devido \u00e0 competi\u00e7\u00e3o entre as energias Zeeman e de intera\u00e7\u00e3o\u00a0dipolar.<\/p>\n\n\n\n<p><strong>BANCA EXAMINADORA:<\/strong><\/p>\n\n\n\n<p>Prof. Dr. Artur da Silva Carri\u00e7o (Orientador\/UFRN).<br>Prof. Dr. Idalmir de Souza Queiroz J\u00fanior (Examinador interno\/UFERSA).<br>Prof. Dr. Gustavo de Oliveira Gurgel Rebou\u00e7as (Examinador externo\/UFERSA).<\/p>\n","protected":false},"excerpt":{"rendered":"<p>O PPGF\/UERN convida a comunidade acad\u00eamica e p\u00fablico para assistirem \u00e0 defesa de disserta\u00e7\u00e3o de Adlan da Silva Freitas. T\u00cdTULO: Efeito magnetocal\u00f3rico em aglomerados de nanopart\u00edculas ferromagn\u00e9ticas.LINK DA SALA: meet.google.com\/oev-axcu-ctxDIA: 26\/10\/2023HORA: 14h00 RESUMO: O efeito magnetocal\u00f3rico (EMC) desperta interesse em diversas \u00e1reas de pesquisa, como biotecnologia, medicina, engenharia dos materiais, por seu potencial tecnol\u00f3gico inovador. [&hellip;]<\/p>\n","protected":false},"author":4,"featured_media":0,"comment_status":"open","ping_status":"open","sticky":false,"template":"","format":"standard","meta":{"footnotes":""},"categories":[1],"tags":[],"table_tags":[],"class_list":["post-4718","post","type-post","status-publish","format-standard","hentry","category-selecoes"],"_links":{"self":[{"href":"https:\/\/ppgf.uern.br\/index.php?rest_route=\/wp\/v2\/posts\/4718","targetHints":{"allow":["GET"]}}],"collection":[{"href":"https:\/\/ppgf.uern.br\/index.php?rest_route=\/wp\/v2\/posts"}],"about":[{"href":"https:\/\/ppgf.uern.br\/index.php?rest_route=\/wp\/v2\/types\/post"}],"author":[{"embeddable":true,"href":"https:\/\/ppgf.uern.br\/index.php?rest_route=\/wp\/v2\/users\/4"}],"replies":[{"embeddable":true,"href":"https:\/\/ppgf.uern.br\/index.php?rest_route=%2Fwp%2Fv2%2Fcomments&post=4718"}],"version-history":[{"count":2,"href":"https:\/\/ppgf.uern.br\/index.php?rest_route=\/wp\/v2\/posts\/4718\/revisions"}],"predecessor-version":[{"id":4720,"href":"https:\/\/ppgf.uern.br\/index.php?rest_route=\/wp\/v2\/posts\/4718\/revisions\/4720"}],"wp:attachment":[{"href":"https:\/\/ppgf.uern.br\/index.php?rest_route=%2Fwp%2Fv2%2Fmedia&parent=4718"}],"wp:term":[{"taxonomy":"category","embeddable":true,"href":"https:\/\/ppgf.uern.br\/index.php?rest_route=%2Fwp%2Fv2%2Fcategories&post=4718"},{"taxonomy":"post_tag","embeddable":true,"href":"https:\/\/ppgf.uern.br\/index.php?rest_route=%2Fwp%2Fv2%2Ftags&post=4718"},{"taxonomy":"table_tags","embeddable":true,"href":"https:\/\/ppgf.uern.br\/index.php?rest_route=%2Fwp%2Fv2%2Ftable_tags&post=4718"}],"curies":[{"name":"wp","href":"https:\/\/api.w.org\/{rel}","templated":true}]}}