{"id":4643,"date":"2023-07-11T09:45:33","date_gmt":"2023-07-11T12:45:33","guid":{"rendered":"https:\/\/ppgf.uern.br\/?p=4643"},"modified":"2023-07-11T09:45:33","modified_gmt":"2023-07-11T12:45:33","slug":"defesa-publica-de-tese-2","status":"publish","type":"post","link":"https:\/\/ppgf.uern.br\/?p=4643","title":{"rendered":"DEFESA P\u00daBLICA DE TESE"},"content":{"rendered":"\n<p>O PPGF\/UERN convida a comunidade acad\u00eamica e p\u00fablico para a defesa da tese de doutorado em F\u00edsica de L\u00e1zaro Lima de Sales.<\/p>\n\n\n\n<p><strong>T\u00cdTULO:<\/strong> Efeitos N\u00e3o Gaussianos em Cosmologia e Gravita\u00e7\u00e3o, Determina\u00e7\u00e3o da Acelera\u00e7\u00e3o do Plasma Primordial e Evolu\u00e7\u00e3o dos Potenciais Qu\u00edmicos Durante a Recombina\u00e7\u00e3o.\u00a0<\/p>\n\n\n\n<p><strong>SALA VIRTUAL:<\/strong> solicite o link \u00e0 secretaria do PPGF<\/p>\n\n\n\n<p><strong>DIA:<\/strong> 13\/07\/2023<\/p>\n\n\n\n<p><strong>HORA:<\/strong> 14h<\/p>\n\n\n\n<p><strong>RESUMO:<\/strong> Esta tese revisitou e inovou a compreens\u00e3o de alguns fen\u00f4menos do Universo primordial a partir de uma perspectiva n\u00e3o gaussiana. A pesquisa est\u00e1 dividida em tr\u00eas t\u00f3picos principais: efeitos n\u00e3o gaussianos na nucleoss\u00edntese do Big Bang, recombina\u00e7\u00e3o do hidrog\u00eanio, excesso de part\u00edcula-antipart\u00edcula, e espa\u00e7o de Rindler; acelera\u00e7\u00e3o do plasma primordial; e evolu\u00e7\u00e3o dos potenciais qu\u00edmicos primordiais. No primeiro t\u00f3pico, determinamos a equa\u00e7\u00e3o de ioniza\u00e7\u00e3o de Saha n\u00e3o gaussiana para a recombina\u00e7\u00e3o. Definimos uma nova energia de liga\u00e7\u00e3o e estabelecemos novas condi\u00e7\u00f5es de equil\u00edbrio qu\u00edmico. Como aplica\u00e7\u00e3o em cosmologia, mostramos haver um valor q\u22601 que produz o mesmo resultado do caso usual para a temperatura da nucleoss\u00edntese e a temperatura de ioniza\u00e7\u00e3o fracional de equil\u00edbrio, e que a recombina\u00e7\u00e3o ocorre necessariamente em estados excitados em um contexto n\u00e3o gaussiano. Al\u00e9m disso, desenvolvemos uma estrat\u00e9gia de corre\u00e7\u00e3o para a equa\u00e7\u00e3o de ioniza\u00e7\u00e3o de Saha, permitindo a reprodu\u00e7\u00e3o dos mesmos resultados para a recombina\u00e7\u00e3o, conforme previsto pela abordagem cin\u00e9tica de Boltzmann. Derivamos express\u00f5es n\u00e3o gaussianas para o excesso de part\u00edcula-antipart\u00edcula nos limites relativ\u00edstico e n\u00e3o relativ\u00edstico, e analisamos seus efeitos. Como aplica\u00e7\u00e3o em gravita\u00e7\u00e3o, mostramos que a energia de liga\u00e7\u00e3o n\u00e3o gaussiana no espa\u00e7o de Rindler apresenta uma depend\u00eancia quadr\u00e1tica em rela\u00e7\u00e3o ao campo gravitacional e derivamos uma restri\u00e7\u00e3o para esse campo. Al\u00e9m disso, demonstramos que a fotoioniza\u00e7\u00e3o e a produ\u00e7\u00e3o de pares s\u00e3o significativamente suprimidas em regi\u00f5es com um campo gravitacional intenso em compara\u00e7\u00e3o com os resultados obtidos pela estat\u00edstica cl\u00e1ssica, e derivamos uma restri\u00e7\u00e3o imposta aos potenciais qu\u00edmicos do el\u00e9tron e do p\u00f3sitron. No segundo t\u00f3pico, determinamos a acelera\u00e7\u00e3o do plasma usando a equa\u00e7\u00e3o de ioniza\u00e7\u00e3o de Saha no Universo primordial. Derivamos a acelera\u00e7\u00e3o do plasma no in\u00edcio da nucleoss\u00edntese e mostramos que ocorre uma transi\u00e7\u00e3o na acelera\u00e7\u00e3o em torno da temperatura da nucleoss\u00edntese. Tamb\u00e9m demonstramos que, quando o bottleneck de deut\u00e9rio \u00e9 superado, a acelera\u00e7\u00e3o do plasma \u00e9 muito maior do que a acelera\u00e7\u00e3o do Universo. Mostramos que durante a recombina\u00e7\u00e3o, a acelera\u00e7\u00e3o do plasma \u00e9 negativa, e para z &lt; 380,23 o plasma primordial come\u00e7a a acelerar. Investigamos as poss\u00edveis raz\u00f5es f\u00edsicas para esse fen\u00f4meno. Por fim, no terceiro t\u00f3pico, revisitamos a hist\u00f3ria da recombina\u00e7\u00e3o do hidrog\u00eanio a partir de uma perspectiva inovadora: a evolu\u00e7\u00e3o dos potenciais qu\u00edmicos. Derivamos express\u00f5es para esses potenciais, os quais s\u00e3o dependentes da temperatura do banho t\u00e9rmico e do grau de ioniza\u00e7\u00e3o do Universo. Essa nova abordagem revelou uma restri\u00e7\u00e3o entre os potenciais qu\u00edmicos do hidrog\u00eanio e do pr\u00f3ton, em z \u2248 1200, quando a fra\u00e7\u00e3o de el\u00e9trons livres \u00e9 Xe \u2248 1\/3.<\/p>\n\n\n\n<p><strong>BANCA EXAMINADORA:<\/strong><\/p>\n\n\n\n<p>Prof. Dr. F\u00e1bio Cabral Carvalho (Orientador\/UERN)<br>Prof. Dr. Raimundo Silva J\u00fanior (Examinador interno\/UFRN)<br>Profa. Dra. Maria Aldin\u00eaz Dantas (Examinadora interna\/UERN)<br>Prof. Dr. Rafael da Costa Nunes (Examinador externo\/ UFRGS)<br>Prof. Dr. Carlos Alexandre Wuensche de Souza (Examinador externo\/ INPE)<\/p>\n","protected":false},"excerpt":{"rendered":"<p>O PPGF\/UERN convida a comunidade acad\u00eamica e p\u00fablico para a defesa da tese de doutorado em F\u00edsica de L\u00e1zaro Lima de Sales. T\u00cdTULO: Efeitos N\u00e3o Gaussianos em Cosmologia e Gravita\u00e7\u00e3o, Determina\u00e7\u00e3o da Acelera\u00e7\u00e3o do Plasma Primordial e Evolu\u00e7\u00e3o dos Potenciais Qu\u00edmicos Durante a Recombina\u00e7\u00e3o.\u00a0 SALA VIRTUAL: solicite o link \u00e0 secretaria do PPGF DIA: 13\/07\/2023 [&hellip;]<\/p>\n","protected":false},"author":4,"featured_media":0,"comment_status":"open","ping_status":"open","sticky":false,"template":"","format":"standard","meta":{"footnotes":""},"categories":[1],"tags":[],"table_tags":[],"class_list":["post-4643","post","type-post","status-publish","format-standard","hentry","category-selecoes"],"_links":{"self":[{"href":"https:\/\/ppgf.uern.br\/index.php?rest_route=\/wp\/v2\/posts\/4643","targetHints":{"allow":["GET"]}}],"collection":[{"href":"https:\/\/ppgf.uern.br\/index.php?rest_route=\/wp\/v2\/posts"}],"about":[{"href":"https:\/\/ppgf.uern.br\/index.php?rest_route=\/wp\/v2\/types\/post"}],"author":[{"embeddable":true,"href":"https:\/\/ppgf.uern.br\/index.php?rest_route=\/wp\/v2\/users\/4"}],"replies":[{"embeddable":true,"href":"https:\/\/ppgf.uern.br\/index.php?rest_route=%2Fwp%2Fv2%2Fcomments&post=4643"}],"version-history":[{"count":1,"href":"https:\/\/ppgf.uern.br\/index.php?rest_route=\/wp\/v2\/posts\/4643\/revisions"}],"predecessor-version":[{"id":4644,"href":"https:\/\/ppgf.uern.br\/index.php?rest_route=\/wp\/v2\/posts\/4643\/revisions\/4644"}],"wp:attachment":[{"href":"https:\/\/ppgf.uern.br\/index.php?rest_route=%2Fwp%2Fv2%2Fmedia&parent=4643"}],"wp:term":[{"taxonomy":"category","embeddable":true,"href":"https:\/\/ppgf.uern.br\/index.php?rest_route=%2Fwp%2Fv2%2Fcategories&post=4643"},{"taxonomy":"post_tag","embeddable":true,"href":"https:\/\/ppgf.uern.br\/index.php?rest_route=%2Fwp%2Fv2%2Ftags&post=4643"},{"taxonomy":"table_tags","embeddable":true,"href":"https:\/\/ppgf.uern.br\/index.php?rest_route=%2Fwp%2Fv2%2Ftable_tags&post=4643"}],"curies":[{"name":"wp","href":"https:\/\/api.w.org\/{rel}","templated":true}]}}