{"id":4280,"date":"2022-12-15T08:16:23","date_gmt":"2022-12-15T11:16:23","guid":{"rendered":"https:\/\/ppgf.uern.br\/?p=4280"},"modified":"2022-12-15T08:16:23","modified_gmt":"2022-12-15T11:16:23","slug":"calendario-academico-para-2023-1","status":"publish","type":"post","link":"https:\/\/ppgf.uern.br\/?p=4280","title":{"rendered":"CALEND\u00c1RIO ACAD\u00caMICO PARA 2023.1"},"content":{"rendered":"\n<p>Em reuni\u00e3o realizada ontem (14\/12\/22), o Colegiado do PPGF aprovou o calend\u00e1rio acad\u00eamico para o semestre letivo 2023.1. O pr\u00f3ximo semestre iniciar\u00e1 em 02\/03\/2023 e se encerrar\u00e1 em 21\/07\/2023. Ao todo ser\u00e3o 85 dias letivos.<\/p>\n\n\n\n<p>Os principais eventos e suas datas s\u00e3o:<\/p>\n\n\n\n<p><strong>Per\u00edodo de matr\u00edculas:<\/strong> 02 e 03\/03\/2023<\/p>\n\n\n\n<p><strong>In\u00edcio das aulas:<\/strong> 13\/03\/2023<\/p>\n\n\n\n<p><strong>Exame de profici\u00eancia em l\u00edngua estrangeira:<\/strong> 19\/06\/2023<\/p>\n\n\n\n<p><strong>Encerramento das aulas:<\/strong> 14\/07\/2023<\/p>\n","protected":false},"excerpt":{"rendered":"<p>Em reuni\u00e3o realizada ontem (14\/12\/22), o Colegiado do PPGF aprovou o calend\u00e1rio acad\u00eamico para o semestre letivo 2023.1. O pr\u00f3ximo semestre iniciar\u00e1 em 02\/03\/2023 e se encerrar\u00e1 em 21\/07\/2023. Ao todo ser\u00e3o 85 dias letivos. Os principais eventos e suas datas s\u00e3o: Per\u00edodo de matr\u00edculas: 02 e 03\/03\/2023 In\u00edcio das aulas: 13\/03\/2023 Exame de profici\u00eancia [&hellip;]<\/p>\n","protected":false},"author":4,"featured_media":0,"comment_status":"open","ping_status":"open","sticky":false,"template":"","format":"standard","meta":{"footnotes":""},"categories":[15],"tags":[],"table_tags":[],"class_list":["post-4280","post","type-post","status-publish","format-standard","hentry","category-noticias"],"_links":{"self":[{"href":"https:\/\/ppgf.uern.br\/index.php?rest_route=\/wp\/v2\/posts\/4280","targetHints":{"allow":["GET"]}}],"collection":[{"href":"https:\/\/ppgf.uern.br\/index.php?rest_route=\/wp\/v2\/posts"}],"about":[{"href":"https:\/\/ppgf.uern.br\/index.php?rest_route=\/wp\/v2\/types\/post"}],"author":[{"embeddable":true,"href":"https:\/\/ppgf.uern.br\/index.php?rest_route=\/wp\/v2\/users\/4"}],"replies":[{"embeddable":true,"href":"https:\/\/ppgf.uern.br\/index.php?rest_route=%2Fwp%2Fv2%2Fcomments&post=4280"}],"version-history":[{"count":1,"href":"https:\/\/ppgf.uern.br\/index.php?rest_route=\/wp\/v2\/posts\/4280\/revisions"}],"predecessor-version":[{"id":4281,"href":"https:\/\/ppgf.uern.br\/index.php?rest_route=\/wp\/v2\/posts\/4280\/revisions\/4281"}],"wp:attachment":[{"href":"https:\/\/ppgf.uern.br\/index.php?rest_route=%2Fwp%2Fv2%2Fmedia&parent=4280"}],"wp:term":[{"taxonomy":"category","embeddable":true,"href":"https:\/\/ppgf.uern.br\/index.php?rest_route=%2Fwp%2Fv2%2Fcategories&post=4280"},{"taxonomy":"post_tag","embeddable":true,"href":"https:\/\/ppgf.uern.br\/index.php?rest_route=%2Fwp%2Fv2%2Ftags&post=4280"},{"taxonomy":"table_tags","embeddable":true,"href":"https:\/\/ppgf.uern.br\/index.php?rest_route=%2Fwp%2Fv2%2Ftable_tags&post=4280"}],"curies":[{"name":"wp","href":"https:\/\/api.w.org\/{rel}","templated":true}]}}